{"id":2455,"date":"2016-07-22T22:04:14","date_gmt":"2016-07-22T22:04:14","guid":{"rendered":"http:\/\/avvocatomassaro.net\/wp\/?p=2455"},"modified":"2017-01-07T15:04:46","modified_gmt":"2017-01-07T15:04:46","slug":"unioni-civili-si-inizia-a-ferragosto","status":"publish","type":"post","link":"https:\/\/avvocatomassaro.net\/wp\/unioni-civili-si-inizia-a-ferragosto\/","title":{"rendered":"Unioni civili, si inizia a ferragosto"},"content":{"rendered":"<div id=\"ez-toc-container\" class=\"ez-toc-v2_0_82_2 counter-hierarchy ez-toc-counter ez-toc-grey ez-toc-container-direction\">\n<div class=\"ez-toc-title-container\">\n<p class=\"ez-toc-title\" style=\"cursor:inherit\">indice dei contenuti<\/p>\n<span class=\"ez-toc-title-toggle\"><a href=\"#\" class=\"ez-toc-pull-right ez-toc-btn ez-toc-btn-xs ez-toc-btn-default ez-toc-toggle\" aria-label=\"Toggle Table of Content\"><span class=\"ez-toc-js-icon-con\"><span class=\"\"><span class=\"eztoc-hide\" style=\"display:none;\">Toggle<\/span><span class=\"ez-toc-icon-toggle-span\"><svg style=\"fill: #999;color:#999\" xmlns=\"http:\/\/www.w3.org\/2000\/svg\" class=\"list-377408\" width=\"20px\" height=\"20px\" viewBox=\"0 0 24 24\" fill=\"none\"><path d=\"M6 6H4v2h2V6zm14 0H8v2h12V6zM4 11h2v2H4v-2zm16 0H8v2h12v-2zM4 16h2v2H4v-2zm16 0H8v2h12v-2z\" fill=\"currentColor\"><\/path><\/svg><svg style=\"fill: #999;color:#999\" class=\"arrow-unsorted-368013\" xmlns=\"http:\/\/www.w3.org\/2000\/svg\" width=\"10px\" height=\"10px\" viewBox=\"0 0 24 24\" version=\"1.2\" baseProfile=\"tiny\"><path d=\"M18.2 9.3l-6.2-6.3-6.2 6.3c-.2.2-.3.4-.3.7s.1.5.3.7c.2.2.4.3.7.3h11c.3 0 .5-.1.7-.3.2-.2.3-.5.3-.7s-.1-.5-.3-.7zM5.8 14.7l6.2 6.3 6.2-6.3c.2-.2.3-.5.3-.7s-.1-.5-.3-.7c-.2-.2-.4-.3-.7-.3h-11c-.3 0-.5.1-.7.3-.2.2-.3.5-.3.7s.1.5.3.7z\"\/><\/svg><\/span><\/span><\/span><\/a><\/span><\/div>\n<nav><ul class='ez-toc-list ez-toc-list-level-1 ' ><li class='ez-toc-page-1 ez-toc-heading-level-4'><a class=\"ez-toc-link ez-toc-heading-1\" href=\"https:\/\/avvocatomassaro.net\/wp\/unioni-civili-si-inizia-a-ferragosto\/#Unioni_civili_il_registro_delle_unioni_civili\" >Unioni civili,\u00a0il\u00a0registro delle unioni civili<\/a><\/li><li class='ez-toc-page-1 ez-toc-heading-level-4'><a class=\"ez-toc-link ez-toc-heading-2\" href=\"https:\/\/avvocatomassaro.net\/wp\/unioni-civili-si-inizia-a-ferragosto\/#Unioni_civili_risolto_il_problema_dei_Sindaci_Obiettori\" >Unioni civili : risolto il problema dei Sindaci Obiettori<\/a><\/li><li class='ez-toc-page-1 ez-toc-heading-level-4'><a class=\"ez-toc-link ez-toc-heading-3\" href=\"https:\/\/avvocatomassaro.net\/wp\/unioni-civili-si-inizia-a-ferragosto\/#Le_reazione_politiche_alla_notizia\" >Le reazione politiche alla notizia<\/a><\/li><li class='ez-toc-page-1 ez-toc-heading-level-4'><a class=\"ez-toc-link ez-toc-heading-4\" href=\"https:\/\/avvocatomassaro.net\/wp\/unioni-civili-si-inizia-a-ferragosto\/#Conseguenze_sul_permesso_di_soggiorno_e_la_richiesta_di_cittadinanza_italiana\" >Conseguenze sul permesso di soggiorno e la richiesta di cittadinanza italiana<\/a><\/li><\/ul><\/nav><\/div>\n<h4><span class=\"ez-toc-section\" id=\"Unioni_civili_il_registro_delle_unioni_civili\"><\/span><span style=\"color: #000000;\">Unioni civili,\u00a0il\u00a0<strong>registro delle unioni civili<\/strong><\/span><span class=\"ez-toc-section-end\"><\/span><\/h4>\n<p><span style=\"color: #000000;\">Dopo il parere favorevole da parte del <strong>Consiglio di stato<\/strong> c\u2019\u00e8 il via libera per il <strong>registro delle unioni civili<\/strong>. Superato anche il problema dei <strong>sindaci \u2018obiettori\u2019<\/strong><\/span><\/p>\n<p><span style=\"color: #000000;\">Il <strong>registro delle unioni civili<\/strong> \u00e8 una realt\u00e0 dopo che gioved\u00ec 21 luglio \u00e8 arrivato il parere favorevole del Consiglio. Un passaggio essenziale perch\u00e9 rende attuativo il provvedimento, anche se per la sua <strong>effettiva entrato in vigore<\/strong> occorrer\u00e0 attendere almeno una ventina di giorni richiesti dalla legge e dagli ultimo passaggi che competono al <strong>Ministero dell\u2019Interno.<\/strong><\/span><\/p>\n<p><span style=\"color: #000000;\">Come ha sottolineato l\u2019ex ministro <strong>Franco Frattini<\/strong>, oggi presidente della Sezione atti normativi del Consiglio di Stato, era un provvedimento atteso da pi\u00f9 parti e che d\u00e0 il via libera al nuovo istituto di stato civile, ribadendo un diritto fondato sull\u2019<strong>articolo 2 della Costituzione<\/strong>, quello che conferma come l\u2019<strong>unione della coppia<\/strong> sia una formazione sociale da tutelare.<\/span><\/p>\n<h4><span class=\"ez-toc-section\" id=\"Unioni_civili_risolto_il_problema_dei_Sindaci_Obiettori\"><\/span><span style=\"color: #000000;\">Unioni civili : risolto il problema dei Sindaci Obiettori<\/span><span class=\"ez-toc-section-end\"><\/span><\/h4>\n<div id=\"attachment_2285\" style=\"width: 310px\" class=\"wp-caption aligncenter\"><img loading=\"lazy\" decoding=\"async\" aria-describedby=\"caption-attachment-2285\" class=\"size-medium wp-image-2285\" src=\"https:\/\/avvocatomassaro.net\/wp\/wp-content\/uploads\/2016\/05\/contratto-di-coppia-300x210.jpg\" alt=\"contratto di convivenza accordi di coppia patrimoniali\" width=\"300\" height=\"210\" srcset=\"https:\/\/avvocatomassaro.net\/wp\/wp-content\/uploads\/2016\/05\/contratto-di-coppia-300x210.jpg 300w, https:\/\/avvocatomassaro.net\/wp\/wp-content\/uploads\/2016\/05\/contratto-di-coppia-50x35.jpg 50w, https:\/\/avvocatomassaro.net\/wp\/wp-content\/uploads\/2016\/05\/contratto-di-coppia.jpg 620w\" sizes=\"auto, (max-width: 300px) 100vw, 300px\" \/><p id=\"caption-attachment-2285\" class=\"wp-caption-text\"><span style=\"color: #000000;\">contratto di convivenza , unioni civili<\/span><\/p><\/div>\n<p><span style=\"color: #000000;\">E per farlo, il Consiglio ha messo dei paletti precisi a cominciare da quello che serve per superare lo scoglio della possibile e in alcuni casi prevedibili <strong>obiezione di coscienza<\/strong> da parte dei <strong>sindaci contrari alle unioni omosessuali<\/strong>: la trascrizione nei registri sar\u00e0 tutelata dal decreto attraverso la formula <strong>\u2018Ufficiale di stato civile\u2019<\/strong> che allarga la possibilit\u00e0 di firma <strong>anche ad altri funzionari comunali<\/strong> indicati dal sindaco stesso e soprattutto non impedir\u00e0 la registrazione.<\/span><\/p>\n<p><span style=\"color: #000000;\">L\u2019auspicio di Frattini, che ha parlato in conferenza stampa a nome di tutti i componenti del Consiglio, \u00e8 che il via libera definitivo si possa registrare gi\u00e0 prima di Ferragosto, una volta che verranno pubblicati sia il <strong>decreto sui Registri<\/strong> che quello previsto dal Ministero degli Interni sulle <strong>formule da utilizzare nella cerimonia<\/strong>. Ma il Consiglio di stato auspica di sottoporre tutta la materia delle <strong>nuove unioni civili<\/strong> al parere del Garante della privacy, dato che vengono utilizzati dati sensibili.<\/span><\/p>\n<h4><span class=\"ez-toc-section\" id=\"Le_reazione_politiche_alla_notizia\"><\/span><span style=\"color: #000000;\">Le reazione politiche alla notizia<\/span><span class=\"ez-toc-section-end\"><\/span><\/h4>\n<p><span style=\"color: #000000;\">Le prime reazioni al parere del Consiglio sono decisamente positive a cominciare da parte di chi, come <strong>Monica Cirinn\u00e0<\/strong> (Pd), prima firmataria del disegno di <strong>legge sulle unioni civili,<\/strong> ha sposato sin da subito la riforma lottando anche contro ostruzionismi e ipotesi contrarie.<\/span><\/p>\n<p><span style=\"color: #000000;\"><strong>Cirinn\u00e0<\/strong> ha espresso tutta la sua soddisfazione, anche perch\u00e9 \u00e8 stato confermato il lavoro a monte fatto dal governo e dal Parlamento.<em> \u201cSia il presidente del Consiglio di Stato Alessandro Pajno che il presidente della sezione atti normativi Franco Frattini &#8211; ha sottolineato la parlamentare &#8211; hanno dichiarato apertamente che non \u00e8 possibile in nessun modo che nei <strong>Comuni<\/strong> non venga applicata la legge, perch\u00e9<strong> un ufficiale dell&#8217;anagrafe dello stato civile<\/strong> dovr\u00e0 comunque <strong>registrare l&#8217;unione civile<\/strong>\u201d<\/em>. E gi\u00e0 nei prossimi giorni dal <strong>Ministero dell&#8217;Interno<\/strong> verr\u00e0 inviata la modulistica necessaria.<\/span><\/p>\n<p><span style=\"color: #000000;\">Euforica anche la risposta di chi lotta da anni per il riconoscimento dei <strong>diritti civili per gli omosessuali<\/strong>.<em> \u201cGli uffici dell\u2019anagrafe \u2013 ha detto Imma Battaglia, una delle leader nel movimento <strong>Lgbt<\/strong> &#8211; stanno gi\u00e0 studiando tutte le procedure da preparare per essere pronti a celebrare <strong>le prime unioni gi\u00e0 dalla prima settimana di settembre<\/strong> L&#8217;amore vince sempre, questa \u00e8 una bella notizia\u201d.<\/em><\/span><\/p>\n<h4><span class=\"ez-toc-section\" id=\"Conseguenze_sul_permesso_di_soggiorno_e_la_richiesta_di_cittadinanza_italiana\"><\/span>Conseguenze sul permesso di soggiorno e la richiesta di cittadinanza italiana<span class=\"ez-toc-section-end\"><\/span><\/h4>\n<p>Le prime conseguenze pratiche in materia di immigrazione sar\u00e0 la possibilit\u00e0 di estendere la disciplina della <strong>cittadinanza italiana per matrimonio<\/strong> o della\u00a0<strong>carta di soggiorno per coniuge di cittadino italiano<\/strong> anche in caso di <strong>unione civile<\/strong><\/p>\n<p><span style=\"color: #000000;\">Approfondimento :<\/span> <a href=\"https:\/\/avvocatomassaro.net\/wp\/contratti-di-convivenza-costo-avvocati\/\" target=\"_blank\">Contratti di convivenza, ruolo dell&#8217;avvocato<\/a><\/p>\n<div style=\"width: 316px\" class=\"wp-caption alignnone\"><a href=\"https:\/\/www.avvocatomassaro.net\/\" target=\"_blank\"><img loading=\"lazy\" decoding=\"async\" title=\"avvocati studio legale Imperia Sanremo\" src=\"\/avvocato-Angelo-Massaro-Imperia.gif\" alt=\"avvocati studio legale Imperia Sanremo\" width=\"306\" height=\"88\" align=\"middle\" border=\"0\" \/><\/a><p class=\"wp-caption-text\"><strong>Studio legale<\/strong> in<strong> Imperia<\/strong>, via Giorgio Des Geneys 8<\/p><\/div>\n\n<div class=\"wpcf7 no-js\" id=\"wpcf7-f2248-o1\" lang=\"it-IT\" dir=\"ltr\" data-wpcf7-id=\"2248\">\n<div class=\"screen-reader-response\"><p role=\"status\" aria-live=\"polite\" aria-atomic=\"true\"><\/p> <ul><\/ul><\/div>\n<form action=\"\/wp\/wp-json\/wp\/v2\/posts\/2455#wpcf7-f2248-o1\" method=\"post\" class=\"wpcf7-form init\" aria-label=\"Modulo di contatto\" novalidate=\"novalidate\" data-status=\"init\">\n<fieldset class=\"hidden-fields-container\"><input type=\"hidden\" name=\"_wpcf7\" value=\"2248\" \/><input type=\"hidden\" name=\"_wpcf7_version\" value=\"6.1.5\" \/><input type=\"hidden\" name=\"_wpcf7_locale\" value=\"it_IT\" \/><input type=\"hidden\" name=\"_wpcf7_unit_tag\" value=\"wpcf7-f2248-o1\" \/><input type=\"hidden\" name=\"_wpcf7_container_post\" value=\"0\" \/><input type=\"hidden\" name=\"_wpcf7_posted_data_hash\" value=\"\" \/>\n<\/fieldset>\n<p>Il tuo nome\n<\/p>\n<p><span class=\"wpcf7-form-control-wrap\" data-name=\"your-name\"><input size=\"40\" maxlength=\"400\" class=\"wpcf7-form-control wpcf7-text wpcf7-validates-as-required\" aria-required=\"true\" aria-invalid=\"false\" value=\"\" type=\"text\" name=\"your-name\" \/><\/span>\n<\/p>\n<p>La tua email\n<\/p>\n<p><span class=\"wpcf7-form-control-wrap\" data-name=\"your-email\"><input size=\"40\" maxlength=\"400\" class=\"wpcf7-form-control wpcf7-email wpcf7-validates-as-required wpcf7-text wpcf7-validates-as-email\" aria-required=\"true\" aria-invalid=\"false\" value=\"\" type=\"email\" name=\"your-email\" \/><\/span>\n<\/p>\n<p>Citt\u00e0\n<\/p>\n<p><span class=\"wpcf7-form-control-wrap\" data-name=\"your-subject\"><input size=\"40\" maxlength=\"400\" class=\"wpcf7-form-control wpcf7-text wpcf7-validates-as-required\" aria-required=\"true\" aria-invalid=\"false\" value=\"\" type=\"text\" name=\"your-subject\" \/><\/span>\n<\/p>\n<p>Il tuo messaggio\n<\/p>\n<p><span class=\"wpcf7-form-control-wrap\" data-name=\"your-message\"><textarea cols=\"40\" rows=\"10\" maxlength=\"2000\" class=\"wpcf7-form-control wpcf7-textarea\" aria-invalid=\"false\" name=\"your-message\"><\/textarea><\/span>\n<\/p>\n<p><input class=\"wpcf7-form-control wpcf7-submit has-spinner\" type=\"submit\" value=\"Invia\" \/>\n<\/p><div class=\"wpcf7-response-output\" aria-hidden=\"true\"><\/div>\n<\/form>\n<\/div>\n\n<p><script type=\"text\/javascript\">\/\/ <![CDATA[ var gaJsHost = ((\"https:\" == document.location.protocol) ? \"https:\/\/ssl.\" : \"http:\/\/www.\"); document.write(unescape(\"%3Cscript src='\" + gaJsHost + \"google-analytics.com\/ga.js' type='text\/javascript'%3E%3C\/script%3E\")); \/\/ ]]><\/script><\/p>\n<p><script type=\"text\/javascript\">\/\/ <![CDATA[ var pageTracker = _gat._getTracker(\"UA-427950-1\"); pageTracker._trackPageview(); \/\/ ]]><\/script><\/p>\n","protected":false},"excerpt":{"rendered":"<p>Unioni civili,\u00a0il\u00a0registro delle unioni civili Dopo il parere favorevole da parte del Consiglio di stato c\u2019\u00e8 il via libera per il registro delle unioni civili. Superato anche il problema dei sindaci \u2018obiettori\u2019 Il registro delle unioni civili \u00e8 una realt\u00e0 dopo che gioved\u00ec 21 luglio \u00e8 arrivato il parere favorevole del Consiglio. Un passaggio essenziale [&hellip;]<\/p>\n","protected":false},"author":1,"featured_media":2283,"comment_status":"closed","ping_status":"closed","sticky":false,"template":"","format":"standard","meta":{"two_page_speed":[],"footnotes":""},"categories":[379,34,60,154],"tags":[381,208,465,244,428,360],"class_list":["post-2455","post","type-post","status-publish","format-standard","has-post-thumbnail","hentry","category-contratti-convivenza","category-convivenza-di-fatto","category-famiglia","category-unioni-civili","tag-contratti-convivenza","tag-convivenza-di-fatto","tag-diritto-di-famiglia","tag-famiglia","tag-registro-delle-unioni-civili","tag-unioni-civili"],"_links":{"self":[{"href":"https:\/\/avvocatomassaro.net\/wp\/wp-json\/wp\/v2\/posts\/2455","targetHints":{"allow":["GET"]}}],"collection":[{"href":"https:\/\/avvocatomassaro.net\/wp\/wp-json\/wp\/v2\/posts"}],"about":[{"href":"https:\/\/avvocatomassaro.net\/wp\/wp-json\/wp\/v2\/types\/post"}],"author":[{"embeddable":true,"href":"https:\/\/avvocatomassaro.net\/wp\/wp-json\/wp\/v2\/users\/1"}],"replies":[{"embeddable":true,"href":"https:\/\/avvocatomassaro.net\/wp\/wp-json\/wp\/v2\/comments?post=2455"}],"version-history":[{"count":0,"href":"https:\/\/avvocatomassaro.net\/wp\/wp-json\/wp\/v2\/posts\/2455\/revisions"}],"wp:featuredmedia":[{"embeddable":true,"href":"https:\/\/avvocatomassaro.net\/wp\/wp-json\/wp\/v2\/media\/2283"}],"wp:attachment":[{"href":"https:\/\/avvocatomassaro.net\/wp\/wp-json\/wp\/v2\/media?parent=2455"}],"wp:term":[{"taxonomy":"category","embeddable":true,"href":"https:\/\/avvocatomassaro.net\/wp\/wp-json\/wp\/v2\/categories?post=2455"},{"taxonomy":"post_tag","embeddable":true,"href":"https:\/\/avvocatomassaro.net\/wp\/wp-json\/wp\/v2\/tags?post=2455"}],"curies":[{"name":"wp","href":"https:\/\/api.w.org\/{rel}","templated":true}]}}